{"id":1472,"date":"2017-07-10T23:55:55","date_gmt":"2017-07-10T22:55:55","guid":{"rendered":"http:\/\/hepc.ch\/?p=1472"},"modified":"2017-07-10T23:59:15","modified_gmt":"2017-07-10T22:59:15","slug":"journee-de-sensibilisation","status":"publish","type":"post","link":"https:\/\/hepc.ch\/fr\/journee-de-sensibilisation\/","title":{"rendered":"Journ\u00e9e de sensibilisation pour la journ\u00e9e mondiale de l&rsquo;h\u00e9patite &#8211;     28 juillet"},"content":{"rendered":"<p>Apr\u00e8s l&rsquo;annonce de l&rsquo;OFSP de l&rsquo;\u00e9largissement au traitement pour tous pour les patients VHC avec le m\u00e9dicament Zepatier\u00ae, l&rsquo;AHCS a annul\u00e9 sa journ\u00e9e de protestation \u00e0 Berne, pour en faire une journ\u00e9e d&rsquo;information et de sensibilisation \u00e0 l&rsquo;h\u00e9patite C en l&rsquo;honneur de la journ\u00e9e mondiale de l&rsquo;h\u00e9patite du 28 juillet. De 12-16 h pr\u00e8s du parc Pestalozzi sur la Bahnhofstrasse de Z\u00fcrich. <\/p>\n<p>Venez nombreux soutenir notre cause afin de pouvoir \u00e9liminer l&rsquo;h\u00e9patite en Suisse \u00e0 l&rsquo;horion 2030. Nous pr\u00e9voyons une soir\u00e9e commune avec grillades. Ce lieu sera communiqu\u00e9 ult\u00e9rieurement. <\/p>\n<p><img loading=\"lazy\" decoding=\"async\" src=\"https:\/\/hepc.ch\/wp_live17\/wp-content\/uploads\/2017\/07\/nohep_flyer_s2-502x700.png\" alt=\"\" width=\"502\" height=\"700\" class=\"alignnone size-large wp-image-1463\" srcset=\"https:\/\/hepc.ch\/wp_live17\/wp-content\/uploads\/2017\/07\/nohep_flyer_s2-502x700.png 502w, https:\/\/hepc.ch\/wp_live17\/wp-content\/uploads\/2017\/07\/nohep_flyer_s2-215x300.png 215w, https:\/\/hepc.ch\/wp_live17\/wp-content\/uploads\/2017\/07\/nohep_flyer_s2-768x1071.png 768w, https:\/\/hepc.ch\/wp_live17\/wp-content\/uploads\/2017\/07\/nohep_flyer_s2.png 1287w\" sizes=\"auto, (max-width: 502px) 100vw, 502px\" \/><\/p>\n","protected":false},"excerpt":{"rendered":"<p>Apr\u00e8s l&rsquo;annonce de l&rsquo;OFSP de l&rsquo;\u00e9largissement au traitement pour tous pour les patients VHC avec le m\u00e9dicament Zepatier\u00ae, l&rsquo;AHCS a annul\u00e9 sa journ\u00e9e de protestation \u00e0 Berne, pour en faire une journ\u00e9e d&rsquo;information et de sensibilisation \u00e0 l&rsquo;h\u00e9patite C en l&rsquo;honneur de la journ\u00e9e mondiale de l&rsquo;h\u00e9patite du 28 juillet. De 12-16 h pr\u00e8s du\u2026 <span class=\"read-more\"><a href=\"https:\/\/hepc.ch\/fr\/journee-de-sensibilisation\/\">Read More &raquo;<\/a><\/span><\/p>\n","protected":false},"author":2,"featured_media":0,"comment_status":"open","ping_status":"open","sticky":false,"template":"","format":"standard","meta":{"footnotes":""},"categories":[6],"tags":[],"class_list":["post-1472","post","type-post","status-publish","format-standard","hentry","category-non-classifiee"],"aioseo_notices":[],"_links":{"self":[{"href":"https:\/\/hepc.ch\/fr\/wp-json\/wp\/v2\/posts\/1472","targetHints":{"allow":["GET"]}}],"collection":[{"href":"https:\/\/hepc.ch\/fr\/wp-json\/wp\/v2\/posts"}],"about":[{"href":"https:\/\/hepc.ch\/fr\/wp-json\/wp\/v2\/types\/post"}],"author":[{"embeddable":true,"href":"https:\/\/hepc.ch\/fr\/wp-json\/wp\/v2\/users\/2"}],"replies":[{"embeddable":true,"href":"https:\/\/hepc.ch\/fr\/wp-json\/wp\/v2\/comments?post=1472"}],"version-history":[{"count":2,"href":"https:\/\/hepc.ch\/fr\/wp-json\/wp\/v2\/posts\/1472\/revisions"}],"predecessor-version":[{"id":1474,"href":"https:\/\/hepc.ch\/fr\/wp-json\/wp\/v2\/posts\/1472\/revisions\/1474"}],"wp:attachment":[{"href":"https:\/\/hepc.ch\/fr\/wp-json\/wp\/v2\/media?parent=1472"}],"wp:term":[{"taxonomy":"category","embeddable":true,"href":"https:\/\/hepc.ch\/fr\/wp-json\/wp\/v2\/categories?post=1472"},{"taxonomy":"post_tag","embeddable":true,"href":"https:\/\/hepc.ch\/fr\/wp-json\/wp\/v2\/tags?post=1472"}],"curies":[{"name":"wp","href":"https:\/\/api.w.org\/{rel}","templated":true}]}}