{"id":1644,"date":"2017-09-12T16:11:25","date_gmt":"2017-09-12T15:11:25","guid":{"rendered":"http:\/\/hepc.ch\/?p=1644"},"modified":"2017-09-21T05:52:56","modified_gmt":"2017-09-21T04:52:56","slug":"adieu-limitatio-soulagement-chez-les-personnes-atteintes-dhepatite-c","status":"publish","type":"post","link":"https:\/\/hepc.ch\/fr\/adieu-limitatio-soulagement-chez-les-personnes-atteintes-dhepatite-c\/","title":{"rendered":"Adieu Limitatio \u2013 Soulagement chez les personnes atteintes d\u2019h\u00e9patite C"},"content":{"rendered":"<p>A compter du 1er octobre 2017 seront lev\u00e9es les restrictions impos\u00e9es depuis pr\u00e8s de trois ans par l\u2019Office f\u00e9d\u00e9ral de la sant\u00e9 publique (OFSP) sur les m\u00e9dicaments contre l\u2019h\u00e9patite C. Les patientes et patients auront ainsi pour la premi\u00e8re fois acc\u00e8s \u00e0 un traitement, ind\u00e9pendamment du type de virus et du stade d\u2019avancement de la maladie.<br \/>\nA compter du 1er octobre 2017 seront \u00e9galement lev\u00e9es les restrictions concernant les m\u00e9dicaments contre l\u2019h\u00e9patite C du fabricant Gilead. Harvoni et Epclusa vont donc pouvoir \u00eatre prescrits \u00e0 tous les patients souffrant d\u2019h\u00e9patite C et ce, pour la premi\u00e8re fois, ind\u00e9pendamment des l\u00e9sions h\u00e9patiques. Cette suppression intervient apr\u00e8s la lev\u00e9e des restrictions concernant le Zepatier au 1er juillet et les produits Viekirax\/Exviera au 1er ao\u00fbt pour toutes les personnes pr\u00e9sentant un VHC de g\u00e9notype 1 ou 4. Ces suppressions de restrictions se sont chaque fois accompagn\u00e9es de baisses de prix substantielles, que l\u2019on attend \u00e9galement pour les produits Gilead. Le produit Epclusa du fabricant Gilead pouvant \u00eatre utilis\u00e9 pur les 6 g\u00e9notypes, cela signifie qu\u2019\u00e0 partir du 1er octobre, tous les patients atteints d\u2019h\u00e9patite C pourront, ind\u00e9pendamment du stade d\u2019avancement de leur maladie, \u00eatre trait\u00e9s et tr\u00e8s probablement gu\u00e9ris. Cela constitue \u00e0 la fois une excellente nouvelle pour les patients concern\u00e9s et un jalon majeur sur la voie de l\u2019\u00e9radication de l\u2019h\u00e9patite C en Suisse.<\/p>\n<p>Nous refermons enfin un triste chapitre de l\u2019histoire du syst\u00e8me de sant\u00e9 suisse. Des ann\u00e9es durant, des cadres dirigeants de l\u2019OFSP ont r\u00e9p\u00e9t\u00e9 que traiter des \u00abpersonnes saines\u00bb n\u2019avait aucun sens. Avec pour cons\u00e9quence, des milliers de personnes souffrant d\u2019h\u00e9patite C priv\u00e9e de traitement et ayant ainsi d\u00fb supporter durant des ann\u00e9es les sympt\u00f4mes de leur maladie. Nous saluons ces derniers d\u00e9veloppements et nous r\u00e9jouissons de l\u2019\u00e9volution des positions de l\u2019OFSP. La lev\u00e9e des restrictions apporte enfin une r\u00e9ponse positive \u00e0 la demande de \u00abtraitement pour toutes les personnes souffrant du VHC\u00bb, requ\u00eate cl\u00e9 de l\u2019organisation de patients AHCS et du Conseil Positif. C\u2019est une requ\u00eate que nous avions adress\u00e9e d\u00e8s juillet 2015 par le biais d\u2019une p\u00e9tition au Conseiller f\u00e9d\u00e9ral Alain Berset.<br \/>\nL\u2019OFSP va maintenant se targuer d\u2019avoir obtenu des baisses de prix. Cela ne fait que renforcer la critique que nous leur adressons depuis longtemps, concernant la guerre des prix qu\u2019ils m\u00e8nent aux d\u00e9pend des patients. Cela est \u00e9thiquement inacceptable et nous les mettons en garde contre le recours \u00e0 une strat\u00e9gie similaire pour d\u2019autres maladies engageant le pronostic vital. Les personnes touch\u00e9es ne sauraient en aucun cas \u00eatre les victimes d\u2019une telle guerre des prix. Nous demandons au parlement de d\u00e9velopper les outils n\u00e9cessaires pour assurer que l\u2019office f\u00e9d\u00e9ral puisse \u00e0 l\u2019avenir mener des n\u00e9gociations de prix de fa\u00e7on plus constructive et transparente.<br \/>\nNous remercions les experts de la Strat\u00e9gie H\u00e9patite Suisse, qui se sont enti\u00e8rement engag\u00e9s \u00e0 nos c\u00f4t\u00e9s pour le bien des personnes touch\u00e9es et consid\u00e9rons cette lev\u00e9e des restrictions comme une r\u00e9ussite collective de la soci\u00e9t\u00e9 civile.<br \/>\nNous remercions enfin l\u2019industrie, dont les m\u00e9dicaments nous ont permis de gu\u00e9rir et qui offrirons \u00e0 pr\u00e9sent, nous l\u2019esp\u00e9rons, une nouvelle vie \u00e0 de nombreux autres patients souffrant d\u2019h\u00e9patite C. Leur volont\u00e9 de compromis dans les n\u00e9gociations avec l\u2019OFSP ont rendu possible la lev\u00e9e des restrictions.<br \/>\n<a href\"https:\/\/hepc.ch\/wp_live17\/wp-content\/uploads\/2017\/09\/MM_2017_SEP_franz.pdf\">PDF<\/a><\/p>\n","protected":false},"excerpt":{"rendered":"<p>A compter du 1er octobre 2017 seront lev\u00e9es les restrictions impos\u00e9es depuis pr\u00e8s de trois ans par l\u2019Office f\u00e9d\u00e9ral de la sant\u00e9 publique (OFSP) sur les m\u00e9dicaments contre l\u2019h\u00e9patite C. Les patientes et patients auront ainsi pour la premi\u00e8re fois acc\u00e8s \u00e0 un traitement, ind\u00e9pendamment du type de virus et du stade d\u2019avancement de la\u2026 <span class=\"read-more\"><a href=\"https:\/\/hepc.ch\/fr\/adieu-limitatio-soulagement-chez-les-personnes-atteintes-dhepatite-c\/\">Read More &raquo;<\/a><\/span><\/p>\n","protected":false},"author":1,"featured_media":1680,"comment_status":"open","ping_status":"open","sticky":false,"template":"","format":"standard","meta":{"footnotes":""},"categories":[6],"tags":[],"class_list":["post-1644","post","type-post","status-publish","format-standard","has-post-thumbnail","hentry","category-non-classifiee"],"aioseo_notices":[],"_links":{"self":[{"href":"https:\/\/hepc.ch\/fr\/wp-json\/wp\/v2\/posts\/1644","targetHints":{"allow":["GET"]}}],"collection":[{"href":"https:\/\/hepc.ch\/fr\/wp-json\/wp\/v2\/posts"}],"about":[{"href":"https:\/\/hepc.ch\/fr\/wp-json\/wp\/v2\/types\/post"}],"author":[{"embeddable":true,"href":"https:\/\/hepc.ch\/fr\/wp-json\/wp\/v2\/users\/1"}],"replies":[{"embeddable":true,"href":"https:\/\/hepc.ch\/fr\/wp-json\/wp\/v2\/comments?post=1644"}],"version-history":[{"count":1,"href":"https:\/\/hepc.ch\/fr\/wp-json\/wp\/v2\/posts\/1644\/revisions"}],"predecessor-version":[{"id":1645,"href":"https:\/\/hepc.ch\/fr\/wp-json\/wp\/v2\/posts\/1644\/revisions\/1645"}],"wp:featuredmedia":[{"embeddable":true,"href":"https:\/\/hepc.ch\/fr\/wp-json\/wp\/v2\/media\/1680"}],"wp:attachment":[{"href":"https:\/\/hepc.ch\/fr\/wp-json\/wp\/v2\/media?parent=1644"}],"wp:term":[{"taxonomy":"category","embeddable":true,"href":"https:\/\/hepc.ch\/fr\/wp-json\/wp\/v2\/categories?post=1644"},{"taxonomy":"post_tag","embeddable":true,"href":"https:\/\/hepc.ch\/fr\/wp-json\/wp\/v2\/tags?post=1644"}],"curies":[{"name":"wp","href":"https:\/\/api.w.org\/{rel}","templated":true}]}}