{"id":231,"date":"2017-01-10T10:00:05","date_gmt":"2017-01-10T10:00:05","guid":{"rendered":"http:\/\/hepc.ch\/wp_live17\/?p=231"},"modified":"2017-03-04T23:59:28","modified_gmt":"2017-03-04T22:59:28","slug":"communique-de-presse-de-lassociation-suisse-de-lhepatite-c-et-du-conseil-positif-suisse-concernant-ladmission-limitee-depclusa","status":"publish","type":"post","link":"https:\/\/hepc.ch\/fr\/communique-de-presse-de-lassociation-suisse-de-lhepatite-c-et-du-conseil-positif-suisse-concernant-ladmission-limitee-depclusa\/","title":{"rendered":"Communiqu\u00e9 de presse de l\u2019Association Suisse de l\u2019H\u00e9patite C et du Conseil Positif Suisse concernant l\u2019admission limit\u00e9e d\u2019Epclusa\u00ae"},"content":{"rendered":"<p><strong>Les concern\u00e9s de l\u2019h\u00e9patite C exigent de finir la guerre des prix sur le dos des concern\u00e9s<\/strong><\/p>\n<p>La bonne nouvelle : Le nouveau m\u00e9dicament contre l\u2019h\u00e9patite C<br \/>\nEpclusa de la maison Gilead a re\u00e7u l\u2019admission en Suisse. C\u2019est le premier m\u00e9dicament, qui agit contre tous les g\u00e9notypes, pour cette raison il signifie une perc\u00e9e pour la gu\u00e9rison des concern\u00e9s. La mauvaise nouvelle : Epclusa ne sera rembours\u00e9 selon la d\u00e9cision de l\u2019OFSP que pour combattre le g\u00e9notype 3 et cela en contradiction \u00e0 l\u2019admission pour tous les g\u00e9notypes de Swissmedic.<!--more--><\/p>\n<p>Comme tous les autres m\u00e9dicaments contre l\u2019h\u00e9patite C, Epclusa ne sera rembours\u00e9 que pour les cas d\u2019affection moyenne et grave du foie, \u00e0 partir du degr\u00e9 de fibrose F2. \u00c7a veut dire, que les patients qui souffrent d\u2019un degr\u00e9 de fibrose F0 et F1 n\u2019ont pas le droit d\u2019\u00eatre trait\u00e9s, m\u00eame si une grande partie d\u2019eux souffrent d\u2019une multitude de sympt\u00f4mes, ils ont une qualit\u00e9 de vie r\u00e9duite et sont souvent m\u00eame limit\u00e9s dans leur vie professionnelle.<br \/>\nEn m\u00eame temps, nous avons du nous rendre compte, que l\u2019admission pour l\u2019Epclusa ne vaut que jusqu\u2019\u00e0 la fin de cette ann\u00e9e et les admissions pour les autres m\u00e9dicaments comme Harvoni et Sovaldi finissent m\u00eame au mois d\u2019ao\u00fbt ou septembre. Avec cette d\u00e9cision, l\u2019OFSP risque de causer une rupture de disponibilit\u00e9 et une situation tr\u00e8s difficile, m\u00eame pour les patients avec une affection du foie grave et gravissime.<br \/>\nCette situation de rationnement de m\u00e9dicaments n\u2019est pas digne de la Suisse et doit enfin s\u2019arr\u00eater. Le combat des prix entre l\u2019OFSP et les fabricants de produits pharmaceutiques ne doit plus \u00eatre guerroy\u00e9 sur le dos des personnes affect\u00e9es. L\u2019ancienne politicaillerie de l\u2019OFSP de d\u00e9tenir des milliers de malades comme otages (\u00ab\u00a0baissez les prix ou nous n\u2019admettons pas leur traitement\u00a0\u00bb) est ill\u00e9gale, elle n\u2019a aucune base juridique et pour nous, elle est absolument incompr\u00e9hensible. <strong>La Suisse aurait les moyens de permettre leurs citoyennes et citoyens l\u2019acc\u00e8s universel aux services de sant\u00e9 de base.<\/strong> Pour s\u2019en rappeler : L\u2019article 117a de notre constitution f\u00e9d\u00e9rale : <em>\u00ab\u00a0Dans les limites de leurs comp\u00e9tences respectives, la Conf\u00e9d\u00e9ration et les cantons veillent \u00e0 ce que chacun ait acc\u00e8s \u00e0 des soins m\u00e9dicaux de base suffisants et de qualit\u00e9.\u00a0\u00bb<\/em> Cette situation de rationnement des m\u00e9dicaments contre les h\u00e9patites contredit absolument la constitution. Les concern\u00e9s se retrouvent dans leur souffrance entre les fronts.<\/p>\n<p><strong>Conseil Positif Suisse<\/strong><br \/>\nWalter B\u00e4rtschi, Pr\u00e9sidence, &#x77;a&#x6c;&#116;&#x65;&#x72;&#46;&#x62;&#97;&#x65;&#x72;t&#x73;&#99;&#x68;&#x69;&#64;&#x70;&#111;&#x73;&#x69;t&#x69;&#118;&#x72;&#x61;t&#x2e;&#99;&#x68;<br \/>\nM +41 79 461 4666<br \/>\n<strong>Association H\u00e9patite C Suisse-\u00ad AHCS<\/strong><br \/>\nDaniel Horowitz, Pr\u00e9sident, i&#110;&#102;&#x6f;&#x40;h&#101;&#112;&#x63;&#x2e;&#x63;h<br \/>\nM +41 79 339 1859<\/p>\n","protected":false},"excerpt":{"rendered":"<p>Les concern\u00e9s de l\u2019h\u00e9patite C exigent de finir la guerre des prix sur le dos des concern\u00e9s La bonne nouvelle : Le nouveau m\u00e9dicament contre l\u2019h\u00e9patite C Epclusa de la maison Gilead a re\u00e7u l\u2019admission en Suisse. C\u2019est le premier m\u00e9dicament, qui agit contre tous les g\u00e9notypes, pour cette raison il signifie une perc\u00e9e pour\u2026 <span class=\"read-more\"><a href=\"https:\/\/hepc.ch\/fr\/communique-de-presse-de-lassociation-suisse-de-lhepatite-c-et-du-conseil-positif-suisse-concernant-ladmission-limitee-depclusa\/\">Read More &raquo;<\/a><\/span><\/p>\n","protected":false},"author":2,"featured_media":0,"comment_status":"open","ping_status":"open","sticky":false,"template":"","format":"standard","meta":{"footnotes":""},"categories":[6],"tags":[],"class_list":["post-231","post","type-post","status-publish","format-standard","hentry","category-non-classifiee"],"aioseo_notices":[],"_links":{"self":[{"href":"https:\/\/hepc.ch\/fr\/wp-json\/wp\/v2\/posts\/231","targetHints":{"allow":["GET"]}}],"collection":[{"href":"https:\/\/hepc.ch\/fr\/wp-json\/wp\/v2\/posts"}],"about":[{"href":"https:\/\/hepc.ch\/fr\/wp-json\/wp\/v2\/types\/post"}],"author":[{"embeddable":true,"href":"https:\/\/hepc.ch\/fr\/wp-json\/wp\/v2\/users\/2"}],"replies":[{"embeddable":true,"href":"https:\/\/hepc.ch\/fr\/wp-json\/wp\/v2\/comments?post=231"}],"version-history":[{"count":6,"href":"https:\/\/hepc.ch\/fr\/wp-json\/wp\/v2\/posts\/231\/revisions"}],"predecessor-version":[{"id":395,"href":"https:\/\/hepc.ch\/fr\/wp-json\/wp\/v2\/posts\/231\/revisions\/395"}],"wp:attachment":[{"href":"https:\/\/hepc.ch\/fr\/wp-json\/wp\/v2\/media?parent=231"}],"wp:term":[{"taxonomy":"category","embeddable":true,"href":"https:\/\/hepc.ch\/fr\/wp-json\/wp\/v2\/categories?post=231"},{"taxonomy":"post_tag","embeddable":true,"href":"https:\/\/hepc.ch\/fr\/wp-json\/wp\/v2\/tags?post=231"}],"curies":[{"name":"wp","href":"https:\/\/api.w.org\/{rel}","templated":true}]}}