{"id":235,"date":"2016-11-02T10:00:11","date_gmt":"2016-11-02T10:00:11","guid":{"rendered":"http:\/\/hepc.ch\/wp_live17\/?p=235"},"modified":"2017-03-04T11:11:03","modified_gmt":"2017-03-04T11:11:03","slug":"lofsp-examine-la-possibilite-detendre-davantage-le-remboursement-des-medicaments-contre-lhepatite-c","status":"publish","type":"post","link":"https:\/\/hepc.ch\/fr\/lofsp-examine-la-possibilite-detendre-davantage-le-remboursement-des-medicaments-contre-lhepatite-c\/","title":{"rendered":"L&rsquo;OFSP examine la possibilit\u00e9 d&rsquo;\u00e9tendre davantage le remboursement des m\u00e9dicaments contre l&rsquo;h\u00e9patite C"},"content":{"rendered":"<p>Zurich, 2 novembre 2016.<\/p>\n<p>Cette information fait suite au <a href=\"http:\/\/hepc.ch\/wp_live\/wp-content\/uploads\/2016\/11\/bag_statement.pdf\" target=\"_blank\">communiqu\u00e9 de presse de l&rsquo;Office f\u00e9d\u00e9ral de la sant\u00e9 publique<\/a> (OFSP) du 31.10.2016, \u00abL&rsquo;OFSP examine la possibilit\u00e9 d&rsquo;\u00e9tendre davantage le remboursement des m\u00e9dicaments contre l&rsquo;h\u00e9patite C\u00bb (en allemand).<br \/>\nL&rsquo;Office f\u00e9d\u00e9ral veut de toute \u00e9vidence \u00e9largir les restrictions d&rsquo;acc\u00e8s existantes -\u00ad et tr\u00e8s critiqu\u00e9es -\u00ad aux traitements de l&rsquo;h\u00e9patite C. <br \/>\u00c0 l&rsquo;avenir, les personnes co-\u00adinfect\u00e9es par l&rsquo;h\u00e9patite B et le VIH, les consommateurs de drogue par voie intraveineuse, de m\u00eame que les patients pr\u00e9alablement trait\u00e9s sans succ\u00e8s, devraient avoir droit \u00e0 un traitement. L&rsquo;Office f\u00e9d\u00e9ral se r\u00e9clame pour ce faire sur de r\u00e9cents \u00e9changes avec les experts m\u00e9dicaux.<!--more--><\/p>\n<p>Nous saluons bien s\u00fbr le principe d&rsquo;\u00e9largissement \u00e0 d&rsquo;autres groupes de patients. Mais nous ne pouvons pas imaginer que le groupe d&rsquo;experts ait pu conseiller l&rsquo;OFSP sur les r\u00e8glementations figurant dans le communiqu\u00e9 de presse. Nous sommes en contact avec les plus grands sp\u00e9cialistes et savons qu&rsquo;est promue l&rsquo;id\u00e9e d&rsquo;un acc\u00e8s universel au traitement pour toutes les personnes souffrant d&rsquo;h\u00e9patite C. C&rsquo;est \u00e9galement ce qui ressort de la r\u00e9action du r\u00e9seau \u00abStrat\u00e9gie H\u00e9patite Suisse\u00bb. Et le fait que l&rsquo;OFSP se r\u00e9clame malgr\u00e9 tout d&rsquo;une consultation d&rsquo;experts est tr\u00e8s discutable.<br \/>\nLa proposition de l&rsquo;Office f\u00e9d\u00e9ral n&rsquo;est \u00e0 l&rsquo;\u00e9vidence pas r\u00e9fl\u00e9chie dans les d\u00e9tails. Les consommateurs de drogue par voie intraveineuse devraient avoir droit \u00e0 un traitement imm\u00e9diat, mais pas ceux qui ne consomment pas de drogue? Il s&rsquo;agit l\u00e0 d&rsquo;une option absurde, <br \/>douteuse du point de vue \u00e9thique et impossible \u00e0 mettre en oeuvre dans la pratique.<br \/>\nLe communiqu\u00e9 de presse de l&rsquo;OFSP est de plus tendancieux: <br \/>il sugg\u00e8re qu&rsquo;aujourd&rsquo;hui, les patients b\u00e9n\u00e9ficient d&rsquo;un traitement d\u00e8s que la maladie s&rsquo;\u00e9tend en dehors du foie. Nous savons que cela n&rsquo;est souvent pas le cas en Suisse \u00e0 ce jour et que le traitement est refus\u00e9 \u00e0 des patients symptomatiques.<br \/>\nNous appr\u00e9cierions en outre grandement que les repr\u00e9sentants des patients soient invit\u00e9s \u00e0 la table des discussions lors des consultations de l&rsquo;OFSP. Il est d\u00e9plaisant de constater que le sort de notre sant\u00e9 se d\u00e9cide au niveau administratif. <br \/>Nous ne devrions aujourd&rsquo;hui plus avoir \u00e0 demander \u00e0 l&rsquo;administration la participation active des personnes concern\u00e9es.<\/p>\n<p><strong>Conseil Positif Suisse<\/strong><br \/>\nWalter B\u00e4rtschi, Pr\u00e9sidence, &#x77;&#97;&#x6c;&#116;e&#x72;&#46;b&#x61;&#101;&#x72;&#x74;s&#x63;&#104;i&#x40;&#112;&#x6f;&#x73;i&#x74;&#105;v&#x72;&#97;t&#x2e;&#99;&#x68;, <br \/>M +41 79 461 4666<\/p>\n<p><strong>Association H\u00e9patite C Suisse -\u00ad AHCS<\/strong><br \/>\nDaniel Horowitz, Pr\u00e9sident, &#105;n&#x66;o&#x40;h&#x65;p&#x63;&#46;&#x63;h, <br \/>M +41 79 339 1859<\/p>\n","protected":false},"excerpt":{"rendered":"<p>Zurich, 2 novembre 2016. Cette information fait suite au communiqu\u00e9 de presse de l&rsquo;Office f\u00e9d\u00e9ral de la sant\u00e9 publique (OFSP) du 31.10.2016, \u00abL&rsquo;OFSP examine la possibilit\u00e9 d&rsquo;\u00e9tendre davantage le remboursement des m\u00e9dicaments contre l&rsquo;h\u00e9patite C\u00bb (en allemand). L&rsquo;Office f\u00e9d\u00e9ral veut de toute \u00e9vidence \u00e9largir les restrictions d&rsquo;acc\u00e8s existantes -\u00ad et tr\u00e8s critiqu\u00e9es -\u00ad aux traitements\u2026 <span class=\"read-more\"><a href=\"https:\/\/hepc.ch\/fr\/lofsp-examine-la-possibilite-detendre-davantage-le-remboursement-des-medicaments-contre-lhepatite-c\/\">Read More &raquo;<\/a><\/span><\/p>\n","protected":false},"author":2,"featured_media":0,"comment_status":"open","ping_status":"open","sticky":false,"template":"","format":"image","meta":{"footnotes":""},"categories":[6],"tags":[],"class_list":["post-235","post","type-post","status-publish","format-image","hentry","category-non-classifiee","post_format-post-format-image"],"aioseo_notices":[],"_links":{"self":[{"href":"https:\/\/hepc.ch\/fr\/wp-json\/wp\/v2\/posts\/235","targetHints":{"allow":["GET"]}}],"collection":[{"href":"https:\/\/hepc.ch\/fr\/wp-json\/wp\/v2\/posts"}],"about":[{"href":"https:\/\/hepc.ch\/fr\/wp-json\/wp\/v2\/types\/post"}],"author":[{"embeddable":true,"href":"https:\/\/hepc.ch\/fr\/wp-json\/wp\/v2\/users\/2"}],"replies":[{"embeddable":true,"href":"https:\/\/hepc.ch\/fr\/wp-json\/wp\/v2\/comments?post=235"}],"version-history":[{"count":5,"href":"https:\/\/hepc.ch\/fr\/wp-json\/wp\/v2\/posts\/235\/revisions"}],"predecessor-version":[{"id":251,"href":"https:\/\/hepc.ch\/fr\/wp-json\/wp\/v2\/posts\/235\/revisions\/251"}],"wp:attachment":[{"href":"https:\/\/hepc.ch\/fr\/wp-json\/wp\/v2\/media?parent=235"}],"wp:term":[{"taxonomy":"category","embeddable":true,"href":"https:\/\/hepc.ch\/fr\/wp-json\/wp\/v2\/categories?post=235"},{"taxonomy":"post_tag","embeddable":true,"href":"https:\/\/hepc.ch\/fr\/wp-json\/wp\/v2\/tags?post=235"}],"curies":[{"name":"wp","href":"https:\/\/api.w.org\/{rel}","templated":true}]}}