{"id":2412,"date":"2018-07-27T09:21:30","date_gmt":"2018-07-27T08:21:30","guid":{"rendered":"https:\/\/hepc.ch\/?p=2412"},"modified":"2018-07-27T09:36:00","modified_gmt":"2018-07-27T08:36:00","slug":"communique-de-presse-de-lassociation-hepatite-c-suisse-ahcs-concernant-la-journee-mondiale-de-lhepatite-2018","status":"publish","type":"post","link":"https:\/\/hepc.ch\/fr\/communique-de-presse-de-lassociation-hepatite-c-suisse-ahcs-concernant-la-journee-mondiale-de-lhepatite-2018\/","title":{"rendered":"Communiqu\u00e9 de presse de l&rsquo;Association H\u00e9patite C Suisse (AHCS) concernant   la Journ\u00e9e mondiale de l&rsquo;H\u00e9patite 2018"},"content":{"rendered":"<p><a href=\"https:\/\/hepc.ch\/wp_live17\/wp-content\/uploads\/2018\/07\/MM_2018_Jul_fr.pdf\">Encore et toujours des patients atteints d&rsquo;h\u00e9patite C non-trait\u00e9es en Suisse !<\/a><\/p>\n","protected":false},"excerpt":{"rendered":"<p>Encore et toujours des patients atteints d&rsquo;h\u00e9patite C non-trait\u00e9es en Suisse !<\/p>\n","protected":false},"author":1,"featured_media":0,"comment_status":"open","ping_status":"open","sticky":false,"template":"","format":"standard","meta":{"footnotes":""},"categories":[6],"tags":[],"class_list":["post-2412","post","type-post","status-publish","format-standard","hentry","category-non-classifiee"],"aioseo_notices":[],"_links":{"self":[{"href":"https:\/\/hepc.ch\/fr\/wp-json\/wp\/v2\/posts\/2412","targetHints":{"allow":["GET"]}}],"collection":[{"href":"https:\/\/hepc.ch\/fr\/wp-json\/wp\/v2\/posts"}],"about":[{"href":"https:\/\/hepc.ch\/fr\/wp-json\/wp\/v2\/types\/post"}],"author":[{"embeddable":true,"href":"https:\/\/hepc.ch\/fr\/wp-json\/wp\/v2\/users\/1"}],"replies":[{"embeddable":true,"href":"https:\/\/hepc.ch\/fr\/wp-json\/wp\/v2\/comments?post=2412"}],"version-history":[{"count":2,"href":"https:\/\/hepc.ch\/fr\/wp-json\/wp\/v2\/posts\/2412\/revisions"}],"predecessor-version":[{"id":2419,"href":"https:\/\/hepc.ch\/fr\/wp-json\/wp\/v2\/posts\/2412\/revisions\/2419"}],"wp:attachment":[{"href":"https:\/\/hepc.ch\/fr\/wp-json\/wp\/v2\/media?parent=2412"}],"wp:term":[{"taxonomy":"category","embeddable":true,"href":"https:\/\/hepc.ch\/fr\/wp-json\/wp\/v2\/categories?post=2412"},{"taxonomy":"post_tag","embeddable":true,"href":"https:\/\/hepc.ch\/fr\/wp-json\/wp\/v2\/tags?post=2412"}],"curies":[{"name":"wp","href":"https:\/\/api.w.org\/{rel}","templated":true}]}}