{"id":3793,"date":"2020-10-06T12:15:54","date_gmt":"2020-10-06T11:15:54","guid":{"rendered":"https:\/\/hepc.ch\/?p=3793"},"modified":"2020-10-06T15:13:59","modified_gmt":"2020-10-06T14:13:59","slug":"le-prix-nobel-pour-la-decouverte-du-virus-de-lhepatite-c","status":"publish","type":"post","link":"https:\/\/hepc.ch\/fr\/le-prix-nobel-pour-la-decouverte-du-virus-de-lhepatite-c\/","title":{"rendered":"Le prix Nobel pour la d\u00e9couverte du virus de l&rsquo;h\u00e9patite C"},"content":{"rendered":"<p>Communiqu\u00e9 de presse des associations Sant\u00e9 Publique Suisse et H\u00e9patite Suisse<br \/>\nLes scientifiques Harvey J. Alter, Charles M. Rice et Michael Houghton ont re\u00e7u aujourd&rsquo;hui le prix Nobel pour la d\u00e9couverte du virus de l&rsquo;h\u00e9patite C. Gr\u00e2ce \u00e0 leur travail, la maladie est maintenant gu\u00e9rissable, quelque 40 ans plus tard. La Suisse s&rsquo;efforce d&rsquo;\u00e9liminer le virus, mais il reste encore un certain nombre d&rsquo;obstacles \u00e0 surmonter d&rsquo;ici l\u00e0.<\/p>\n<p>Les h\u00e9patites B et C occasionnent une importante charge de morbidit\u00e9. Egalement en Suisse, plus de 200 personnes au total meurent chaque ann\u00e9e d&rsquo;une h\u00e9patite virale, ce qui \u00e9quivaut au nombre annuel de morts sur les routes. Les h\u00e9patites B et C sont la principale cause de cancers du foie et de greffes h\u00e9patiques en Suisse.<\/p>\n<p>L\u2019\u00e9limination est possible<br \/>\nL&rsquo;h\u00e9patite C est gu\u00e9rissable : gr\u00e2ce aux nouvelles formes de th\u00e9rapie, on peut gu\u00e9rir plus de 98 pour cent des cas d&rsquo;h\u00e9patite C en seulement huit \u00e0 douze semaines. L&rsquo;Organisation mondiale de la sant\u00e9, l&rsquo;OMS, entend \u00e9liminer l&rsquo;h\u00e9patite virale dans le monde d&rsquo;ici 2030. La Strat\u00e9gie H\u00e9patite Suisse s&rsquo;est fix\u00e9 le m\u00eame objectif pour notre pays et elle a fait appel \u00e0 des experts pour d\u00e9finir les objectifs d&rsquo;\u00e9limination.<\/p>\n<p>Pour atteindre ces objectifs, il faudrait combler des lacunes au niveau du d\u00e9pistage, de la vaccination et du traitement. \u00ab\u00a0Il y a un besoin particulier d&rsquo;action dans le domaine de l\u2019information, m\u00eame dans le secteur de la sant\u00e9\u00a0\u00bb, d\u00e9clare Philip Bruggmann, pr\u00e9sident d\u2019H\u00e9patite Suisse. Cela n\u00e9cessite des activit\u00e9s coordonn\u00e9es de la part de tous les acteurs.<\/p>\n<p>Int\u00e9gration au programme national VIH<br \/>\nLes principaux modes de transmission de l&rsquo;h\u00e9patite et du VIH de m\u00eame que les groupes \u00e0 risques pr\u00e9sentent de nombreuses similitudes. C&rsquo;est pourquoi les associations H\u00e9patite Suisse et Sant\u00e9 publique Suisse demandent d&rsquo;int\u00e9grer cette infection au programme qui succ\u00e9dera au programme national VIH et autres infections sexuellement transmissibles, lequel s&rsquo;ach\u00e8vera en 2021. Un programme national de lutte contre les maladies transmissibles par le sexe et par le sang permettrait d&rsquo;\u00e9liminer ces deux infections dangereuses d&rsquo;ici 2030 tout en \u00e9pargnant des ressources. Cette demande a \u00e9t\u00e9 reprise par la politique : une motion en ce sens de Damian M\u00fcller, membre du Conseil des \u00c9tats, a \u00e9t\u00e9 accept\u00e9e par le Parlement.<\/p>\n<p>Sant\u00e9 publique Suisse est l&rsquo;organisation nationale ind\u00e9pendante qui d\u00e9fend le point de vue de la sant\u00e9 publique. L&rsquo;association s&rsquo;engage \u00e0 cr\u00e9er des conditions optimales pour la sant\u00e9 de la population en Suisse et apporte un soutien professionnel aux d\u00e9cideurs.<\/p>\n<p>L\u2019association H\u00e9patite Suisse entretient un r\u00e9seau de comp\u00e9tences en mati\u00e8re d\u2019h\u00e9patite virale en Suisse ax\u00e9 sur la sant\u00e9 publique. Cette association d\u2019utilit\u00e9 publique prend position sur des sujets en lien avec l\u2019h\u00e9patite virale et r\u00e9alise ses propres projets.<\/p>\n<p>Manifestation publique<br \/>\nSwiss Hepatitis Symposium 2020<br \/>\nElimination 2030 \u2013 10 years to go. The importance of data and politics<br \/>\n30 novembre 2020, 13.30 &#8211; 18 h, Universit\u00e9 de Zurich<\/p>\n","protected":false},"excerpt":{"rendered":"<p>Communiqu\u00e9 de presse des associations Sant\u00e9 Publique Suisse et H\u00e9patite Suisse Les scientifiques Harvey J. Alter, Charles M. Rice et Michael Houghton ont re\u00e7u aujourd&rsquo;hui le prix Nobel pour la d\u00e9couverte du virus de l&rsquo;h\u00e9patite C. Gr\u00e2ce \u00e0 leur travail, la maladie est maintenant gu\u00e9rissable, quelque 40 ans plus tard. La Suisse s&rsquo;efforce d&rsquo;\u00e9liminer le\u2026 <span class=\"read-more\"><a href=\"https:\/\/hepc.ch\/fr\/le-prix-nobel-pour-la-decouverte-du-virus-de-lhepatite-c\/\">Read More &raquo;<\/a><\/span><\/p>\n","protected":false},"author":1,"featured_media":0,"comment_status":"open","ping_status":"open","sticky":false,"template":"","format":"standard","meta":{"footnotes":""},"categories":[6],"tags":[],"class_list":["post-3793","post","type-post","status-publish","format-standard","hentry","category-non-classifiee"],"aioseo_notices":[],"_links":{"self":[{"href":"https:\/\/hepc.ch\/fr\/wp-json\/wp\/v2\/posts\/3793","targetHints":{"allow":["GET"]}}],"collection":[{"href":"https:\/\/hepc.ch\/fr\/wp-json\/wp\/v2\/posts"}],"about":[{"href":"https:\/\/hepc.ch\/fr\/wp-json\/wp\/v2\/types\/post"}],"author":[{"embeddable":true,"href":"https:\/\/hepc.ch\/fr\/wp-json\/wp\/v2\/users\/1"}],"replies":[{"embeddable":true,"href":"https:\/\/hepc.ch\/fr\/wp-json\/wp\/v2\/comments?post=3793"}],"version-history":[{"count":5,"href":"https:\/\/hepc.ch\/fr\/wp-json\/wp\/v2\/posts\/3793\/revisions"}],"predecessor-version":[{"id":3812,"href":"https:\/\/hepc.ch\/fr\/wp-json\/wp\/v2\/posts\/3793\/revisions\/3812"}],"wp:attachment":[{"href":"https:\/\/hepc.ch\/fr\/wp-json\/wp\/v2\/media?parent=3793"}],"wp:term":[{"taxonomy":"category","embeddable":true,"href":"https:\/\/hepc.ch\/fr\/wp-json\/wp\/v2\/categories?post=3793"},{"taxonomy":"post_tag","embeddable":true,"href":"https:\/\/hepc.ch\/fr\/wp-json\/wp\/v2\/tags?post=3793"}],"curies":[{"name":"wp","href":"https:\/\/api.w.org\/{rel}","templated":true}]}}