{"id":4114,"date":"2022-11-24T07:43:29","date_gmt":"2022-11-24T06:43:29","guid":{"rendered":"https:\/\/hepc.ch\/swiss-hepatitis-symposium-2022\/"},"modified":"2022-11-24T08:58:47","modified_gmt":"2022-11-24T07:58:47","slug":"swiss-hepatitis-symposium-2022","status":"publish","type":"post","link":"https:\/\/hepc.ch\/fr\/swiss-hepatitis-symposium-2022\/","title":{"rendered":"Swiss Hepatitis Symposium 2022"},"content":{"rendered":"<p><strong>H\u00e9patites virales et migration<\/strong><\/p>\n<p>La sant\u00e9 des migrants est un sujet important &#8211; et pas seulement en p\u00e9riode de guerre en Europe. M\u00eame si les maladies infectieuses chroniques ne sont pas forc\u00e9ment la pr\u00e9occupation premi\u00e8re des migrants qui ont d\u00fb fuir la violence, les troubles ou des conditions de vie pr\u00e9caires pour venir en Suisse, l&rsquo;acc\u00e8s aux soins doit \u00eatre assur\u00e9.<br \/>\n<\/p>\n<p>Lundi, 28 Novembre 2022, de 13 \u00e0 17 heures<br \/>\nWelle7, Schanzenstrasse 5, 3008 Bern, avec Livestream<\/p>\n<p><a href=\"https:\/\/fr.hepatitis-schweiz.ch\/symposien\/swiss-hepatitis-symposium-2022\" rel=\"noopener noreferrer\" target=\"_blank\">Inscription Swiss Hepatitis Symposium 2022<\/a><\/p>\n<p><img loading=\"lazy\" decoding=\"async\" src=\"https:\/\/hepc.ch\/wp_live17\/wp-content\/uploads\/2022\/11\/Screenshot-2022-11-24-074125.jpg\" alt=\"\" width=\"440\" height=\"310\" class=\"alignnone size-full wp-image-4100\" srcset=\"https:\/\/hepc.ch\/wp_live17\/wp-content\/uploads\/2022\/11\/Screenshot-2022-11-24-074125.jpg 2197w, https:\/\/hepc.ch\/wp_live17\/wp-content\/uploads\/2022\/11\/Screenshot-2022-11-24-074125-300x212.jpg 300w, https:\/\/hepc.ch\/wp_live17\/wp-content\/uploads\/2022\/11\/Screenshot-2022-11-24-074125-700x494.jpg 700w, https:\/\/hepc.ch\/wp_live17\/wp-content\/uploads\/2022\/11\/Screenshot-2022-11-24-074125-768x542.jpg 768w, https:\/\/hepc.ch\/wp_live17\/wp-content\/uploads\/2022\/11\/Screenshot-2022-11-24-074125-1536x1084.jpg 1536w, https:\/\/hepc.ch\/wp_live17\/wp-content\/uploads\/2022\/11\/Screenshot-2022-11-24-074125-2048x1445.jpg 2048w\" sizes=\"auto, (max-width: 440px) 100vw, 440px\" \/><\/p>\n","protected":false},"excerpt":{"rendered":"<p>H\u00e9patites virales et migration La sant\u00e9 des migrants est un sujet important &#8211; et pas seulement en p\u00e9riode de guerre en Europe. M\u00eame si les maladies infectieuses chroniques ne sont pas forc\u00e9ment la pr\u00e9occupation premi\u00e8re des migrants qui ont d\u00fb fuir la violence, les troubles ou des conditions de vie pr\u00e9caires pour venir en Suisse,\u2026 <span class=\"read-more\"><a href=\"https:\/\/hepc.ch\/fr\/swiss-hepatitis-symposium-2022\/\">Read More &raquo;<\/a><\/span><\/p>\n","protected":false},"author":1,"featured_media":0,"comment_status":"open","ping_status":"open","sticky":false,"template":"","format":"standard","meta":{"footnotes":""},"categories":[6],"tags":[],"class_list":["post-4114","post","type-post","status-publish","format-standard","hentry","category-non-classifiee"],"aioseo_notices":[],"_links":{"self":[{"href":"https:\/\/hepc.ch\/fr\/wp-json\/wp\/v2\/posts\/4114","targetHints":{"allow":["GET"]}}],"collection":[{"href":"https:\/\/hepc.ch\/fr\/wp-json\/wp\/v2\/posts"}],"about":[{"href":"https:\/\/hepc.ch\/fr\/wp-json\/wp\/v2\/types\/post"}],"author":[{"embeddable":true,"href":"https:\/\/hepc.ch\/fr\/wp-json\/wp\/v2\/users\/1"}],"replies":[{"embeddable":true,"href":"https:\/\/hepc.ch\/fr\/wp-json\/wp\/v2\/comments?post=4114"}],"version-history":[{"count":3,"href":"https:\/\/hepc.ch\/fr\/wp-json\/wp\/v2\/posts\/4114\/revisions"}],"predecessor-version":[{"id":4118,"href":"https:\/\/hepc.ch\/fr\/wp-json\/wp\/v2\/posts\/4114\/revisions\/4118"}],"wp:attachment":[{"href":"https:\/\/hepc.ch\/fr\/wp-json\/wp\/v2\/media?parent=4114"}],"wp:term":[{"taxonomy":"category","embeddable":true,"href":"https:\/\/hepc.ch\/fr\/wp-json\/wp\/v2\/categories?post=4114"},{"taxonomy":"post_tag","embeddable":true,"href":"https:\/\/hepc.ch\/fr\/wp-json\/wp\/v2\/tags?post=4114"}],"curies":[{"name":"wp","href":"https:\/\/api.w.org\/{rel}","templated":true}]}}