{"id":4239,"date":"2024-03-01T07:56:07","date_gmt":"2024-03-01T06:56:07","guid":{"rendered":"https:\/\/hepc.ch\/?p=4239"},"modified":"2024-03-01T07:56:07","modified_gmt":"2024-03-01T06:56:07","slug":"40-des-personnes-atteintes-dhepatite-c-presentant-une-dependance-aux-opioides-ne-sont-pas-diagnostiquees-a-st-gall","status":"publish","type":"post","link":"https:\/\/hepc.ch\/fr\/40-des-personnes-atteintes-dhepatite-c-presentant-une-dependance-aux-opioides-ne-sont-pas-diagnostiquees-a-st-gall\/","title":{"rendered":"40% des personnes atteintes d&rsquo;h\u00e9patite C pr\u00e9sentant une d\u00e9pendance aux opio\u00efdes ne sont pas diagnostiqu\u00e9es \u00e0 St-Gall"},"content":{"rendered":"<p>C&rsquo;est inqui\u00e9tant : plus de 40% des personnes atteintes d&rsquo;h\u00e9patite C et d\u00e9pendantes aux opio\u00efdes dans le canton de Saint-Gall ne sont pas diagnostiqu\u00e9es et plus de 50% ne sont pas trait\u00e9es.<br \/>\nEt ce, bien qu&rsquo;il existe depuis des ann\u00e9es des directives sur l&rsquo;h\u00e9patite C de l&rsquo;OFSP, qui prescrivent un d\u00e9pistage annuel et un traitement de toutes les personnes concern\u00e9es dans cette population.<br \/>\nL&rsquo;\u00e9tude de Kerstin Wissel et Andrea Bregenzer, qui vient d&rsquo;\u00eatre publi\u00e9e dans le Swiss Medical Weekly, dresse un tableau effrayant de la prise en charge de l&rsquo;h\u00e9patite dans le domaine d\u00e9centralis\u00e9 des addictions.<\/p>\n<p><a href=\"https:\/\/smw.ch\/index.php\/smw\/article\/view\/3352\" target=\"_blank\" rel=\"noopener noreferrer\">https:\/\/smw.ch\/index.php\/smw\/article\/view\/3352<\/a><\/p>\n","protected":false},"excerpt":{"rendered":"<p>C&rsquo;est inqui\u00e9tant : plus de 40% des personnes atteintes d&rsquo;h\u00e9patite C et d\u00e9pendantes aux opio\u00efdes dans le canton de Saint-Gall ne sont pas diagnostiqu\u00e9es et plus de 50% ne sont pas trait\u00e9es. Et ce, bien qu&rsquo;il existe depuis des ann\u00e9es des directives sur l&rsquo;h\u00e9patite C de l&rsquo;OFSP, qui prescrivent un d\u00e9pistage annuel et un traitement\u2026 <span class=\"read-more\"><a href=\"https:\/\/hepc.ch\/fr\/40-des-personnes-atteintes-dhepatite-c-presentant-une-dependance-aux-opioides-ne-sont-pas-diagnostiquees-a-st-gall\/\">Read More &raquo;<\/a><\/span><\/p>\n","protected":false},"author":1,"featured_media":0,"comment_status":"open","ping_status":"open","sticky":false,"template":"","format":"standard","meta":{"footnotes":""},"categories":[6],"tags":[],"class_list":["post-4239","post","type-post","status-publish","format-standard","hentry","category-non-classifiee"],"aioseo_notices":[],"_links":{"self":[{"href":"https:\/\/hepc.ch\/fr\/wp-json\/wp\/v2\/posts\/4239","targetHints":{"allow":["GET"]}}],"collection":[{"href":"https:\/\/hepc.ch\/fr\/wp-json\/wp\/v2\/posts"}],"about":[{"href":"https:\/\/hepc.ch\/fr\/wp-json\/wp\/v2\/types\/post"}],"author":[{"embeddable":true,"href":"https:\/\/hepc.ch\/fr\/wp-json\/wp\/v2\/users\/1"}],"replies":[{"embeddable":true,"href":"https:\/\/hepc.ch\/fr\/wp-json\/wp\/v2\/comments?post=4239"}],"version-history":[{"count":1,"href":"https:\/\/hepc.ch\/fr\/wp-json\/wp\/v2\/posts\/4239\/revisions"}],"predecessor-version":[{"id":4240,"href":"https:\/\/hepc.ch\/fr\/wp-json\/wp\/v2\/posts\/4239\/revisions\/4240"}],"wp:attachment":[{"href":"https:\/\/hepc.ch\/fr\/wp-json\/wp\/v2\/media?parent=4239"}],"wp:term":[{"taxonomy":"category","embeddable":true,"href":"https:\/\/hepc.ch\/fr\/wp-json\/wp\/v2\/categories?post=4239"},{"taxonomy":"post_tag","embeddable":true,"href":"https:\/\/hepc.ch\/fr\/wp-json\/wp\/v2\/tags?post=4239"}],"curies":[{"name":"wp","href":"https:\/\/api.w.org\/{rel}","templated":true}]}}