{"id":4311,"date":"2024-11-23T09:05:30","date_gmt":"2024-11-23T08:05:30","guid":{"rendered":"https:\/\/hepc.ch\/swiss-hepatitis-symposium-2024\/"},"modified":"2024-11-23T09:21:33","modified_gmt":"2024-11-23T08:21:33","slug":"swiss-hepatitis-symposium-2024","status":"publish","type":"post","link":"https:\/\/hepc.ch\/fr\/swiss-hepatitis-symposium-2024\/","title":{"rendered":"Swiss Hepatitis Symposium 2024"},"content":{"rendered":"<p>Une approche coh\u00e9rente de la \u00ab Surveillance and Response \u00bb est la cl\u00e9 d&rsquo;une mise en \u0153uvre efficace des programmes d&rsquo;\u00e9limination. Ce n&rsquo;est que si un syst\u00e8me de surveillance d\u00e9tecte rapidement les signes d&rsquo;une augmentation des cas dans les groupes vuln\u00e9rables que les d\u00e9cideurs peuvent agir et intervenir.<\/p>\n<p><strong>Quand? 2 d\u00e9cembre 2024<br \/>\nO\u00f9? Welle7 Workspace, Eventraum Schanzenstrasse 5, 3008 Bern (pr\u00e8s de la gare)<\/strong><\/p>\n<p><a href=\"https:\/\/fr.hepatitis-schweiz.ch\/symposien\/swiss-hepatitis-symposium-2024-surveillance-response\/\" target=\"_blank\" rel=\"noopener noreferrer\">Site internet<\/a><br \/>\n<a href=\"https:\/\/hepatitis-schweiz.ch\/data\/download\/112106\/240930_Einladung_HepSymposium24_07_FR.pdf\" target=\"_blank\" rel=\"noopener noreferrer\">PDF<\/a><\/p>\n<p><img loading=\"lazy\" decoding=\"async\" class=\"alignnone size-full wp-image-4318\" style=\"font-size: 1rem;\" src=\"https:\/\/hepc.ch\/wp_live17\/wp-content\/uploads\/2024\/11\/Screenshot-2024-11-23-091535.png\" alt=\"\" width=\"522\" height=\"155\" srcset=\"https:\/\/hepc.ch\/wp_live17\/wp-content\/uploads\/2024\/11\/Screenshot-2024-11-23-091535.png 522w, https:\/\/hepc.ch\/wp_live17\/wp-content\/uploads\/2024\/11\/Screenshot-2024-11-23-091535-300x89.png 300w\" sizes=\"auto, (max-width: 522px) 100vw, 522px\" \/><\/p>\n","protected":false},"excerpt":{"rendered":"<p>Une approche coh\u00e9rente de la \u00ab Surveillance and Response \u00bb est la cl\u00e9 d&rsquo;une mise en \u0153uvre efficace des programmes d&rsquo;\u00e9limination. Ce n&rsquo;est que si un syst\u00e8me de surveillance d\u00e9tecte rapidement les signes d&rsquo;une augmentation des cas dans les groupes vuln\u00e9rables que les d\u00e9cideurs peuvent agir et intervenir. Quand? 2 d\u00e9cembre 2024 O\u00f9? Welle7 Workspace,\u2026 <span class=\"read-more\"><a href=\"https:\/\/hepc.ch\/fr\/swiss-hepatitis-symposium-2024\/\">Read More &raquo;<\/a><\/span><\/p>\n","protected":false},"author":1,"featured_media":0,"comment_status":"open","ping_status":"open","sticky":false,"template":"","format":"standard","meta":{"footnotes":""},"categories":[6],"tags":[],"class_list":["post-4311","post","type-post","status-publish","format-standard","hentry","category-non-classifiee"],"aioseo_notices":[],"_links":{"self":[{"href":"https:\/\/hepc.ch\/fr\/wp-json\/wp\/v2\/posts\/4311","targetHints":{"allow":["GET"]}}],"collection":[{"href":"https:\/\/hepc.ch\/fr\/wp-json\/wp\/v2\/posts"}],"about":[{"href":"https:\/\/hepc.ch\/fr\/wp-json\/wp\/v2\/types\/post"}],"author":[{"embeddable":true,"href":"https:\/\/hepc.ch\/fr\/wp-json\/wp\/v2\/users\/1"}],"replies":[{"embeddable":true,"href":"https:\/\/hepc.ch\/fr\/wp-json\/wp\/v2\/comments?post=4311"}],"version-history":[{"count":6,"href":"https:\/\/hepc.ch\/fr\/wp-json\/wp\/v2\/posts\/4311\/revisions"}],"predecessor-version":[{"id":4331,"href":"https:\/\/hepc.ch\/fr\/wp-json\/wp\/v2\/posts\/4311\/revisions\/4331"}],"wp:attachment":[{"href":"https:\/\/hepc.ch\/fr\/wp-json\/wp\/v2\/media?parent=4311"}],"wp:term":[{"taxonomy":"category","embeddable":true,"href":"https:\/\/hepc.ch\/fr\/wp-json\/wp\/v2\/categories?post=4311"},{"taxonomy":"post_tag","embeddable":true,"href":"https:\/\/hepc.ch\/fr\/wp-json\/wp\/v2\/tags?post=4311"}],"curies":[{"name":"wp","href":"https:\/\/api.w.org\/{rel}","templated":true}]}}