{"id":4525,"date":"2025-07-28T05:20:47","date_gmt":"2025-07-28T03:20:47","guid":{"rendered":"https:\/\/hepc.ch\/heute-28-7-25-ist-welt-hepatitis-tag\/"},"modified":"2025-07-28T06:10:56","modified_gmt":"2025-07-28T04:10:56","slug":"heute-28-7-25-ist-welt-hepatitis-tag","status":"publish","type":"post","link":"https:\/\/hepc.ch\/fr\/heute-28-7-25-ist-welt-hepatitis-tag\/","title":{"rendered":"Le 28 juillet 2025, c&rsquo;est la Journ\u00e9e mondiale contre l&rsquo;h\u00e9patite."},"content":{"rendered":"<p>Chaque ann\u00e9e, plus d&rsquo;un million de personnes meurent de l&rsquo;h\u00e9patite et ce chiffre ne cesse d&rsquo;augmenter.<\/p>\n<p>Ce n&rsquo;est qu&rsquo;en travaillant tous ensemble, en informant davantage, en testant et en traitant plus de personnes que nous pourrons venir \u00e0 bout de cette maladie.<\/p>\n<p>Nous avons tout ce qu&rsquo;il faut pour \u00e9radiquer l&rsquo;h\u00e9patite d&rsquo;ici 2030, mais le monde recule !<\/p>\n<p><a href=\"https:\/\/www.worldhepatitisday.org\/\" rel=\"noopener\" target=\"_blank\">www.worldhepatitisday.org<\/a><\/p>\n<p><a href=\"https:\/\/fr.hepatitis-schweiz.ch\/news\/8-juli-ist-welt-hepatitis-tag-2025-gemeinsam-fuer-eine-zukunft-ohne-hepatitis\/\" rel=\"noopener\" target=\"_blank\">Journ\u00e9e mondiale contre l&rsquo;h\u00e9patite: H\u00e9patite Suisse<\/a><\/p>\n","protected":false},"excerpt":{"rendered":"<p>Chaque ann\u00e9e, plus d&rsquo;un million de personnes meurent de l&rsquo;h\u00e9patite et ce chiffre ne cesse d&rsquo;augmenter. Ce n&rsquo;est qu&rsquo;en travaillant tous ensemble, en informant davantage, en testant et en traitant plus de personnes que nous pourrons venir \u00e0 bout de cette maladie. Nous avons tout ce qu&rsquo;il faut pour \u00e9radiquer l&rsquo;h\u00e9patite d&rsquo;ici 2030, mais le\u2026 <span class=\"read-more\"><a href=\"https:\/\/hepc.ch\/fr\/heute-28-7-25-ist-welt-hepatitis-tag\/\">Read More &raquo;<\/a><\/span><\/p>\n","protected":false},"author":1,"featured_media":4537,"comment_status":"open","ping_status":"open","sticky":false,"template":"","format":"standard","meta":{"footnotes":""},"categories":[6],"tags":[],"class_list":["post-4525","post","type-post","status-publish","format-standard","has-post-thumbnail","hentry","category-non-classifiee"],"aioseo_notices":[],"_links":{"self":[{"href":"https:\/\/hepc.ch\/fr\/wp-json\/wp\/v2\/posts\/4525","targetHints":{"allow":["GET"]}}],"collection":[{"href":"https:\/\/hepc.ch\/fr\/wp-json\/wp\/v2\/posts"}],"about":[{"href":"https:\/\/hepc.ch\/fr\/wp-json\/wp\/v2\/types\/post"}],"author":[{"embeddable":true,"href":"https:\/\/hepc.ch\/fr\/wp-json\/wp\/v2\/users\/1"}],"replies":[{"embeddable":true,"href":"https:\/\/hepc.ch\/fr\/wp-json\/wp\/v2\/comments?post=4525"}],"version-history":[{"count":3,"href":"https:\/\/hepc.ch\/fr\/wp-json\/wp\/v2\/posts\/4525\/revisions"}],"predecessor-version":[{"id":4533,"href":"https:\/\/hepc.ch\/fr\/wp-json\/wp\/v2\/posts\/4525\/revisions\/4533"}],"wp:featuredmedia":[{"embeddable":true,"href":"https:\/\/hepc.ch\/fr\/wp-json\/wp\/v2\/media\/4537"}],"wp:attachment":[{"href":"https:\/\/hepc.ch\/fr\/wp-json\/wp\/v2\/media?parent=4525"}],"wp:term":[{"taxonomy":"category","embeddable":true,"href":"https:\/\/hepc.ch\/fr\/wp-json\/wp\/v2\/categories?post=4525"},{"taxonomy":"post_tag","embeddable":true,"href":"https:\/\/hepc.ch\/fr\/wp-json\/wp\/v2\/tags?post=4525"}],"curies":[{"name":"wp","href":"https:\/\/api.w.org\/{rel}","templated":true}]}}