{"id":4798,"date":"2025-08-18T08:25:44","date_gmt":"2025-08-18T06:25:44","guid":{"rendered":"https:\/\/hepc.ch\/europaeischer-leitfaden-zur-elimination-von-hepatitis-in-gefaengnissen\/"},"modified":"2025-08-18T08:50:58","modified_gmt":"2025-08-18T06:50:58","slug":"europaeischer-leitfaden-zur-elimination-von-hepatitis-in-gefaengnissen","status":"publish","type":"post","link":"https:\/\/hepc.ch\/fr\/europaeischer-leitfaden-zur-elimination-von-hepatitis-in-gefaengnissen\/","title":{"rendered":"Guide europ\u00e9en pour l&rsquo;\u00e9limination de l&rsquo;h\u00e9patite dans les prisons"},"content":{"rendered":"<p>L&rsquo;initiative du Centre europ\u00e9en pour la pr\u00e9vention et le contr\u00f4le des maladies et de l&rsquo;Agence europ\u00e9enne des m\u00e9dicaments soutient l&rsquo;objectif de l&rsquo;OMS visant \u00e0 \u00e9liminer l&rsquo;h\u00e9patite virale en tant que menace pour la sant\u00e9 publique d&rsquo;ici 2030.<\/p>\n<p>Publi\u00e9 avant la Journ\u00e9e mondiale des prisonniers, le 10 ao\u00fbt, ce guide vise \u00e0 promouvoir la pr\u00e9vention et le traitement de l&rsquo;h\u00e9patite B et C dans les prisons \u00e0 travers l&rsquo;Europe. Il s&rsquo;adresse principalement aux professionnels de la sant\u00e9 travaillant dans les prisons. Il contient des informations sur la mani\u00e8re dont des mesures de pr\u00e9vention et de lutte contre l&rsquo;h\u00e9patite virale peuvent \u00eatre mises en place dans ces \u00e9tablissements.<\/p>\n<p><a href=\"https:\/\/eurohepp.ecdc.europa.eu\/\" target=\"_blank\" rel=\"noopener nofollow\">European Toolkit for the Elimination of Viral Hepatitis in Prisons (EuroHePP)<\/a><\/p>\n<p>&nbsp;<\/p>\n<p>En Suisse \u00e9galement, l&rsquo;h\u00e9patite est un probl\u00e8me dans les prisons et son \u00e9limination d&rsquo;ici 2030 n&rsquo;est possible qu&rsquo;avec des efforts nettement plus grands que ceux d\u00e9ploy\u00e9s jusqu&rsquo;\u00e0 pr\u00e9sent.<\/p>\n<p><a href=\"https:\/\/www.shipp.ch\/\" rel=\"noopener nofollow \" target=\"_blank\">Swiss HepFree in Prisons Programme SHiPP<\/a><\/p>\n","protected":false},"excerpt":{"rendered":"<p>L&rsquo;initiative du Centre europ\u00e9en pour la pr\u00e9vention et le contr\u00f4le des maladies et de l&rsquo;Agence europ\u00e9enne des m\u00e9dicaments soutient l&rsquo;objectif de l&rsquo;OMS visant \u00e0 \u00e9liminer l&rsquo;h\u00e9patite virale en tant que menace pour la sant\u00e9 publique d&rsquo;ici 2030. Publi\u00e9 avant la Journ\u00e9e mondiale des prisonniers, le 10 ao\u00fbt, ce guide vise \u00e0 promouvoir la pr\u00e9vention et\u2026 <span class=\"read-more\"><a href=\"https:\/\/hepc.ch\/fr\/europaeischer-leitfaden-zur-elimination-von-hepatitis-in-gefaengnissen\/\">Read More &raquo;<\/a><\/span><\/p>\n","protected":false},"author":1,"featured_media":4789,"comment_status":"open","ping_status":"open","sticky":false,"template":"","format":"standard","meta":{"footnotes":""},"categories":[6],"tags":[],"class_list":["post-4798","post","type-post","status-publish","format-standard","has-post-thumbnail","hentry","category-non-classifiee"],"aioseo_notices":[],"_links":{"self":[{"href":"https:\/\/hepc.ch\/fr\/wp-json\/wp\/v2\/posts\/4798","targetHints":{"allow":["GET"]}}],"collection":[{"href":"https:\/\/hepc.ch\/fr\/wp-json\/wp\/v2\/posts"}],"about":[{"href":"https:\/\/hepc.ch\/fr\/wp-json\/wp\/v2\/types\/post"}],"author":[{"embeddable":true,"href":"https:\/\/hepc.ch\/fr\/wp-json\/wp\/v2\/users\/1"}],"replies":[{"embeddable":true,"href":"https:\/\/hepc.ch\/fr\/wp-json\/wp\/v2\/comments?post=4798"}],"version-history":[{"count":5,"href":"https:\/\/hepc.ch\/fr\/wp-json\/wp\/v2\/posts\/4798\/revisions"}],"predecessor-version":[{"id":4810,"href":"https:\/\/hepc.ch\/fr\/wp-json\/wp\/v2\/posts\/4798\/revisions\/4810"}],"wp:featuredmedia":[{"embeddable":true,"href":"https:\/\/hepc.ch\/fr\/wp-json\/wp\/v2\/media\/4789"}],"wp:attachment":[{"href":"https:\/\/hepc.ch\/fr\/wp-json\/wp\/v2\/media?parent=4798"}],"wp:term":[{"taxonomy":"category","embeddable":true,"href":"https:\/\/hepc.ch\/fr\/wp-json\/wp\/v2\/categories?post=4798"},{"taxonomy":"post_tag","embeddable":true,"href":"https:\/\/hepc.ch\/fr\/wp-json\/wp\/v2\/tags?post=4798"}],"curies":[{"name":"wp","href":"https:\/\/api.w.org\/{rel}","templated":true}]}}