{"id":4904,"date":"2025-12-09T06:26:57","date_gmt":"2025-12-09T05:26:57","guid":{"rendered":"https:\/\/hepc.ch\/der-positivrat-sucht-neue-mitglieder\/"},"modified":"2025-12-09T06:45:56","modified_gmt":"2025-12-09T05:45:56","slug":"der-positivrat-sucht-neue-mitglieder","status":"publish","type":"post","link":"https:\/\/hepc.ch\/fr\/der-positivrat-sucht-neue-mitglieder\/","title":{"rendered":"Le Conseil Positif recherche de nouveaux membres"},"content":{"rendered":"<p><strong>Par et pour les personnes vivant avec VIH \/ l&rsquo;h\u00e9patite<\/strong><\/p>\n<p>Le Conseil Positif est une association de d\u00e9fense des int\u00e9r\u00eats des personnes atteintes du VIH et de l\u2019h\u00e9patite, ainsi qu\u2019avec des co-infections. Ses comp\u00e9tences couvrent notamment les domaines de la sant\u00e9, du droit, du lobbying et de la communication. Le Conseil Positif est compos\u00e9 de personnes atteintes du VIH et\/ou de l\u2019h\u00e9patite, de leurs proches ou de sp\u00e9cialistes dans les domaines susmentionn\u00e9s qui se solidarisent avec elles<\/p>\n<p><a href=\"https:\/\/positivrat.ch\/fr\/conseil-positif\/\" title=\"Site web du Conseil Positif\" rel=\"noopener nofollow \" target=\"_blank\">Site web du Conseil Positif<\/a><\/p>\n<p><img loading=\"lazy\" decoding=\"async\" src=\"https:\/\/hepc.ch\/wp_live17\/wp-content\/uploads\/2025\/12\/positivrat-mitgl-fr.png\" alt=\"\" width=\"1020\" height=\"1440\" class=\"alignnone size-full wp-image-4889\" srcset=\"https:\/\/hepc.ch\/wp_live17\/wp-content\/uploads\/2025\/12\/positivrat-mitgl-fr.png 1020w, https:\/\/hepc.ch\/wp_live17\/wp-content\/uploads\/2025\/12\/positivrat-mitgl-fr-213x300.png 213w, https:\/\/hepc.ch\/wp_live17\/wp-content\/uploads\/2025\/12\/positivrat-mitgl-fr-496x700.png 496w, https:\/\/hepc.ch\/wp_live17\/wp-content\/uploads\/2025\/12\/positivrat-mitgl-fr-768x1084.png 768w, https:\/\/hepc.ch\/wp_live17\/wp-content\/uploads\/2025\/12\/positivrat-mitgl-fr-660x932.png 660w\" sizes=\"auto, (max-width: 1020px) 100vw, 1020px\" \/><\/p>\n","protected":false},"excerpt":{"rendered":"<p>Par et pour les personnes vivant avec VIH \/ l&rsquo;h\u00e9patite Le Conseil Positif est une association de d\u00e9fense des int\u00e9r\u00eats des personnes atteintes du VIH et de l\u2019h\u00e9patite, ainsi qu\u2019avec des co-infections. Ses comp\u00e9tences couvrent notamment les domaines de la sant\u00e9, du droit, du lobbying et de la communication. Le Conseil Positif est compos\u00e9 de\u2026 <span class=\"read-more\"><a href=\"https:\/\/hepc.ch\/fr\/der-positivrat-sucht-neue-mitglieder\/\">Read More &raquo;<\/a><\/span><\/p>\n","protected":false},"author":1,"featured_media":0,"comment_status":"open","ping_status":"open","sticky":false,"template":"","format":"standard","meta":{"footnotes":""},"categories":[6],"tags":[],"class_list":["post-4904","post","type-post","status-publish","format-standard","hentry","category-non-classifiee"],"aioseo_notices":[],"_links":{"self":[{"href":"https:\/\/hepc.ch\/fr\/wp-json\/wp\/v2\/posts\/4904","targetHints":{"allow":["GET"]}}],"collection":[{"href":"https:\/\/hepc.ch\/fr\/wp-json\/wp\/v2\/posts"}],"about":[{"href":"https:\/\/hepc.ch\/fr\/wp-json\/wp\/v2\/types\/post"}],"author":[{"embeddable":true,"href":"https:\/\/hepc.ch\/fr\/wp-json\/wp\/v2\/users\/1"}],"replies":[{"embeddable":true,"href":"https:\/\/hepc.ch\/fr\/wp-json\/wp\/v2\/comments?post=4904"}],"version-history":[{"count":2,"href":"https:\/\/hepc.ch\/fr\/wp-json\/wp\/v2\/posts\/4904\/revisions"}],"predecessor-version":[{"id":4906,"href":"https:\/\/hepc.ch\/fr\/wp-json\/wp\/v2\/posts\/4904\/revisions\/4906"}],"wp:attachment":[{"href":"https:\/\/hepc.ch\/fr\/wp-json\/wp\/v2\/media?parent=4904"}],"wp:term":[{"taxonomy":"category","embeddable":true,"href":"https:\/\/hepc.ch\/fr\/wp-json\/wp\/v2\/categories?post=4904"},{"taxonomy":"post_tag","embeddable":true,"href":"https:\/\/hepc.ch\/fr\/wp-json\/wp\/v2\/tags?post=4904"}],"curies":[{"name":"wp","href":"https:\/\/api.w.org\/{rel}","templated":true}]}}