{"id":4526,"date":"2025-07-28T05:20:47","date_gmt":"2025-07-28T03:20:47","guid":{"rendered":"https:\/\/hepc.ch\/heute-28-7-25-ist-welt-hepatitis-tag\/"},"modified":"2025-07-28T06:11:16","modified_gmt":"2025-07-28T04:11:16","slug":"heute-28-7-25-ist-welt-hepatitis-tag","status":"publish","type":"post","link":"https:\/\/hepc.ch\/it\/heute-28-7-25-ist-welt-hepatitis-tag\/","title":{"rendered":"28.7.25 Giornata mondiale dell&#8217;epatite"},"content":{"rendered":"<p>Ogni anno muoiono pi\u00f9 di un milione di persone a causa dell&#8217;epatite e il numero continua ad aumentare.<\/p>\n<p>Solo lavorando tutti insieme, informando di pi\u00f9, sottoponendo a test e curando pi\u00f9 persone potremo tenere sotto controllo questa malattia.<\/p>\n<p>Abbiamo tutto ci\u00f2 che serve per debellare l&#8217;epatite entro il 2030, ma il mondo sta facendo passi indietro!<\/p>\n<p><a href=\"https:\/\/www.worldhepatitisday.org\/\" rel=\"noopener\" target=\"_blank\">www.worldhepatitisday.org<\/a><\/p>\n<p><a href=\"https:\/\/it.hepatitis-schweiz.ch\/news\/8-juli-ist-welt-hepatitis-tag-2025-gemeinsam-fuer-eine-zukunft-ohne-hepatitis\/\" rel=\"noopener\" target=\"_blank\">Epatite Svizzero Giornata mondiale dell&#8217;epatite 2025<\/a><\/p>\n","protected":false},"excerpt":{"rendered":"<p>Ogni anno muoiono pi\u00f9 di un milione di persone a causa dell&#8217;epatite e il numero continua ad aumentare. Solo lavorando tutti insieme, informando di pi\u00f9, sottoponendo a test e curando pi\u00f9 persone potremo tenere sotto controllo questa malattia. Abbiamo tutto ci\u00f2 che serve per debellare l&#8217;epatite entro il 2030, ma il mondo sta facendo passi\u2026 <span class=\"read-more\"><a href=\"https:\/\/hepc.ch\/it\/heute-28-7-25-ist-welt-hepatitis-tag\/\">Leggi tutto &raquo;<\/a><\/span><\/p>\n","protected":false},"author":1,"featured_media":4539,"comment_status":"open","ping_status":"open","sticky":false,"template":"","format":"standard","meta":{"footnotes":""},"categories":[7],"tags":[],"class_list":["post-4526","post","type-post","status-publish","format-standard","has-post-thumbnail","hentry","category-non-categorizzato"],"aioseo_notices":[],"_links":{"self":[{"href":"https:\/\/hepc.ch\/it\/wp-json\/wp\/v2\/posts\/4526","targetHints":{"allow":["GET"]}}],"collection":[{"href":"https:\/\/hepc.ch\/it\/wp-json\/wp\/v2\/posts"}],"about":[{"href":"https:\/\/hepc.ch\/it\/wp-json\/wp\/v2\/types\/post"}],"author":[{"embeddable":true,"href":"https:\/\/hepc.ch\/it\/wp-json\/wp\/v2\/users\/1"}],"replies":[{"embeddable":true,"href":"https:\/\/hepc.ch\/it\/wp-json\/wp\/v2\/comments?post=4526"}],"version-history":[{"count":2,"href":"https:\/\/hepc.ch\/it\/wp-json\/wp\/v2\/posts\/4526\/revisions"}],"predecessor-version":[{"id":4532,"href":"https:\/\/hepc.ch\/it\/wp-json\/wp\/v2\/posts\/4526\/revisions\/4532"}],"wp:featuredmedia":[{"embeddable":true,"href":"https:\/\/hepc.ch\/it\/wp-json\/wp\/v2\/media\/4539"}],"wp:attachment":[{"href":"https:\/\/hepc.ch\/it\/wp-json\/wp\/v2\/media?parent=4526"}],"wp:term":[{"taxonomy":"category","embeddable":true,"href":"https:\/\/hepc.ch\/it\/wp-json\/wp\/v2\/categories?post=4526"},{"taxonomy":"post_tag","embeddable":true,"href":"https:\/\/hepc.ch\/it\/wp-json\/wp\/v2\/tags?post=4526"}],"curies":[{"name":"wp","href":"https:\/\/api.w.org\/{rel}","templated":true}]}}