{"id":4832,"date":"2025-09-19T07:13:24","date_gmt":"2025-09-19T05:13:24","guid":{"rendered":"https:\/\/hepc.ch\/swiss-hepatitis-symposium-2025\/"},"modified":"2025-10-03T13:14:21","modified_gmt":"2025-10-03T11:14:21","slug":"swiss-hepatitis-symposium-2025","status":"publish","type":"post","link":"https:\/\/hepc.ch\/it\/swiss-hepatitis-symposium-2025\/","title":{"rendered":"Swiss Hepatitis Symposium 2025"},"content":{"rendered":"<p>Il Simposio svizzero sull&#8217;epatite 2025 si terr\u00e0 luned\u00ec 8 dicembre 2025, dalle 13:30 alle 18:00, presso il Welle 7 di Berna.<\/p>\n<p>Il tema del simposio di quest&#8217;anno \u00e8:<br \/>\n\u00abEpatite virale: microeliminazione nelle persone in terapia con agonisti oppioidi e nei consumatori di sostanze\u00bb<\/p>\n<p>Il simposio si concentrer\u00e0 sui seguenti argomenti:<br \/>\n&#8211; Identificazione degli ostacoli pratici ai test e ai trattamenti nelle strutture OAT decentralizzate.<br \/>\n&#8211; Scambio di approcci e prospettive internazionali e nazionali su questo tema.<br \/>\n&#8211; Messa in rete dei gruppi di interesse e sviluppo di soluzioni comuni.<\/p>\n<p>Si prega di riservare gi\u00e0 oggi la data. La partecipazione al simposio \u00e8 gratuita. L&#8217;evento si concluder\u00e0 con un aperitivo collettivo, che offrir\u00e0 l&#8217;opportunit\u00e0 di approfondire i contatti stabiliti nel corso della giornata.<\/p>\n<p>Programma <a href=\"https:\/\/hepc.ch\/wp_live17\/wp-content\/uploads\/2025\/10\/swiss-hepa-symp-25.pdf\" rel=\"noopener nofollow \" target=\"_blank\">PDF<\/a><\/p>\n<p><a href=\"https:\/\/hepatitis-schweiz.ch\/\" target=\"_blank\" rel=\"noopener nofollow\">Epatite Svizzera<\/a><\/p>\n","protected":false},"excerpt":{"rendered":"<p>Il Simposio svizzero sull&#8217;epatite 2025 si terr\u00e0 luned\u00ec 8 dicembre 2025, dalle 13:30 alle 18:00, presso il Welle 7 di Berna. Il tema del simposio di quest&#8217;anno \u00e8: \u00abEpatite virale: microeliminazione nelle persone in terapia con agonisti oppioidi e nei consumatori di sostanze\u00bb Il simposio si concentrer\u00e0 sui seguenti argomenti: &#8211; Identificazione degli ostacoli pratici\u2026 <span class=\"read-more\"><a href=\"https:\/\/hepc.ch\/it\/swiss-hepatitis-symposium-2025\/\">Leggi tutto &raquo;<\/a><\/span><\/p>\n","protected":false},"author":1,"featured_media":4823,"comment_status":"open","ping_status":"open","sticky":false,"template":"","format":"standard","meta":{"footnotes":""},"categories":[7],"tags":[],"class_list":["post-4832","post","type-post","status-publish","format-standard","has-post-thumbnail","hentry","category-non-categorizzato"],"aioseo_notices":[],"_links":{"self":[{"href":"https:\/\/hepc.ch\/it\/wp-json\/wp\/v2\/posts\/4832","targetHints":{"allow":["GET"]}}],"collection":[{"href":"https:\/\/hepc.ch\/it\/wp-json\/wp\/v2\/posts"}],"about":[{"href":"https:\/\/hepc.ch\/it\/wp-json\/wp\/v2\/types\/post"}],"author":[{"embeddable":true,"href":"https:\/\/hepc.ch\/it\/wp-json\/wp\/v2\/users\/1"}],"replies":[{"embeddable":true,"href":"https:\/\/hepc.ch\/it\/wp-json\/wp\/v2\/comments?post=4832"}],"version-history":[{"count":4,"href":"https:\/\/hepc.ch\/it\/wp-json\/wp\/v2\/posts\/4832\/revisions"}],"predecessor-version":[{"id":4849,"href":"https:\/\/hepc.ch\/it\/wp-json\/wp\/v2\/posts\/4832\/revisions\/4849"}],"wp:featuredmedia":[{"embeddable":true,"href":"https:\/\/hepc.ch\/it\/wp-json\/wp\/v2\/media\/4823"}],"wp:attachment":[{"href":"https:\/\/hepc.ch\/it\/wp-json\/wp\/v2\/media?parent=4832"}],"wp:term":[{"taxonomy":"category","embeddable":true,"href":"https:\/\/hepc.ch\/it\/wp-json\/wp\/v2\/categories?post=4832"},{"taxonomy":"post_tag","embeddable":true,"href":"https:\/\/hepc.ch\/it\/wp-json\/wp\/v2\/tags?post=4832"}],"curies":[{"name":"wp","href":"https:\/\/api.w.org\/{rel}","templated":true}]}}